{"id":2310,"date":"2012-11-21T08:42:46","date_gmt":"2012-11-21T08:42:46","guid":{"rendered":"http:\/\/www.djoh.net\/inde\/?p=1912"},"modified":"2012-11-21T08:42:46","modified_gmt":"2012-11-21T08:42:46","slug":"inde-la-pendaison-pour-un-terroriste-et-des-obseques-nationales-pour-un-politique-dextreme-droite","status":"publish","type":"post","link":"http:\/\/www.djoh.net\/inde\/inde-la-pendaison-pour-un-terroriste-et-des-obseques-nationales-pour-un-politique-dextreme-droite\/","title":{"rendered":"Inde &#8211; la pendaison pour un terroriste et des obs\u00e8ques nationales pour un politique d&#8217;extr\u00eame droite"},"content":{"rendered":"<p><a href=\"https:\/\/i0.wp.com\/ns3141862.ip-5-39-81.eu\/wp-content\/uploads\/2012\/11\/BAL_THACKERAY_1_1271475g-1.jpg\"><img data-recalc-dims=\"1\" loading=\"lazy\" decoding=\"async\" src=\"https:\/\/i0.wp.com\/91.121.97.162\/inde\/wp-content\/uploads\/2012\/11\/BAL_THACKERAY_1_1271475g-150x150.jpg?resize=150%2C150\" alt=\"\" title=\"BAL_THACKERAY_1_1271475g\" width=\"150\" height=\"150\" class=\"alignright size-thumbnail wp-image-1913 framed\" srcset=\"https:\/\/i0.wp.com\/www.djoh.net\/inde\/wp-content\/uploads\/2012\/11\/BAL_THACKERAY_1_1271475g.jpg?resize=150%2C150 150w, https:\/\/i0.wp.com\/www.djoh.net\/inde\/wp-content\/uploads\/2012\/11\/BAL_THACKERAY_1_1271475g.jpg?zoom=2&amp;resize=150%2C150 300w, https:\/\/i0.wp.com\/www.djoh.net\/inde\/wp-content\/uploads\/2012\/11\/BAL_THACKERAY_1_1271475g.jpg?zoom=3&amp;resize=150%2C150 450w\" sizes=\"auto, (max-width: 150px) 100vw, 150px\" \/><\/a>Tous les commerces ferm\u00e9s (de leur propre choix ou par force), une ville de 20 millions d&#8217;habitants qui s&#8217;arr\u00eatent de vivre pendant 3 jours suite au d\u00e9c\u00e8s d&#8217;un politique d&#8217;extr\u00eame droite. X\u00e9nophobie, incitation \u00e0 la haine raciale, encouragement au terrorisme , ultra nationaliste hindu et anti-musulman, Bal Thakeray a pourtant un pass\u00e9 pour le moins sulfureux. Jamais inqui\u00e9t\u00e9 par la justice, car probablement trop suivi et trop puissant, son mot d&#8217;ordre a toujours \u00e9t\u00e9 le &#8220;Maharastra aux Marathi&#8221;. Cet \u00e9tat, ou j&#8217;ai pass\u00e9 2 ans, fait la moiti\u00e9 de la France en superficie, mais le double de population. La capitale est Bombay, d&#8217;ailleurs renomm\u00e9e Mumbai par Bal Thakeray.<br \/>\nLa ville a vu des \u00e9meutes importantes fin 1992 au cours desquelles 900 personnes ont trouv\u00e9 la mort. Le role de Bal Thakeray dans ces \u00e9meutes est clair, il n&#8217;a cependant jamais \u00e9t\u00e9 jug\u00e9.<br \/>\nSelon Thakeray, le probl\u00e8me de Mumbai est d&#8217;avoir accueilli pendant trop longtemps des &#8220;\u00e9trangers&#8221; &#8211; c&#8217;est-\u00e0-dire des indiens venant des \u00e9tats voisins, Gujarat, Uttar Pradesh, Bihar&#8230; Les maarathis, endormis lors de cette invasion (comme pendant celle des Moghols puis plus tard des Anglais), ont trop attendu. Bal Thakeray, d&#8217;abord dessinateur humoristique, a mis en valeur cette &#8220;invasion&#8221; et a r\u00e9veill\u00e9 les Marathi. Exemple de propositions: connaissance de la langue locale obligatoire, postes r\u00e9serv\u00e9s dans les entreprises, etc.<br \/>\nPour ma part, je retiendrai surtout de lui sa phrase : &#8220;L&#8217;Inde a aujourd&#8217;hui besoin de quelqu&#8217;un comme Hitler&#8221; (1967).<br \/>\n<br \/>\nPour plus d&#8217;analyse, je vous propose les articles de <a href=\"http:\/\/dopalruka.blogspot.com\/2012\/11\/bal-thackeray-eloge-posthume-dun.html\">Julie<\/a> et d&#8217;<a href=\"http:\/\/helenelecuyer.unblog.fr\/2012\/11\/17\/bombay-ferme-plus-vite-que-microsoft-windows\/\">H\u00e9l\u00e8ne<\/a>.<\/p>\n<\/p>\n<p><a href=\"https:\/\/i0.wp.com\/91.121.97.162\/inde\/wp-content\/uploads\/2012\/11\/ajmalkasab.jpg\"><img data-recalc-dims=\"1\" loading=\"lazy\" decoding=\"async\" src=\"https:\/\/i0.wp.com\/91.121.97.162\/inde\/wp-content\/uploads\/2012\/11\/ajmalkasab-150x150.jpg?resize=150%2C150\" alt=\"\" title=\"AJMAL AMIR KASAB\" width=\"150\" height=\"150\" class=\"alignright size-thumbnail wp-image-1914 framed\" \/><\/a>Autre \u00e9v\u00e8nement en Inde: la peine capitale pour Ajmal Kasab, un des terrosites qui avaient attaqu\u00e9 Mumbai en 2008. C&#8217;est la troisi\u00e8me pendaison en Inde depuis 1995. La peine de mort, rarement prononc\u00e9e, reste donc d&#8217;actualit\u00e9 dans le sous-continent indien.<br \/>\nVoir l&#8217;article d\u00e9taill\u00e9 sur <a href=\"http:\/\/blog.lefigaro.fr\/inde\/2012\/11\/le-terroriste-ayant-survecu-au.html\">Le figaro<\/a>.<\/p>\n","protected":false},"excerpt":{"rendered":"<p>Tous les commerces ferm\u00e9s (de leur propre choix ou par force), une ville de 20 millions d&#8217;habitants qui s&#8217;arr\u00eatent de vivre pendant 3 jours suite au d\u00e9c\u00e8s d&#8217;un politique d&#8217;extr\u00eame droite. X\u00e9nophobie, incitation \u00e0 la haine raciale, encouragement au terrorisme , ultra nationaliste hindu et anti-musulman, Bal Thakeray a pourtant un pass\u00e9 pour le moins <a href=\"http:\/\/www.djoh.net\/inde\/inde-la-pendaison-pour-un-terroriste-et-des-obseques-nationales-pour-un-politique-dextreme-droite\/\">Lire la suite&#8230;<\/a><\/p>\n","protected":false},"author":1,"featured_media":1913,"comment_status":"open","ping_status":"open","sticky":false,"template":"","format":"standard","meta":{"footnotes":""},"categories":[1],"tags":[],"class_list":["post-2310","post","type-post","status-publish","format-standard","has-post-thumbnail","hentry","category-la-vie-en-inde"],"aioseo_notices":[],"_links":{"self":[{"href":"http:\/\/www.djoh.net\/inde\/wp-json\/wp\/v2\/posts\/2310","targetHints":{"allow":["GET"]}}],"collection":[{"href":"http:\/\/www.djoh.net\/inde\/wp-json\/wp\/v2\/posts"}],"about":[{"href":"http:\/\/www.djoh.net\/inde\/wp-json\/wp\/v2\/types\/post"}],"author":[{"embeddable":true,"href":"http:\/\/www.djoh.net\/inde\/wp-json\/wp\/v2\/users\/1"}],"replies":[{"embeddable":true,"href":"http:\/\/www.djoh.net\/inde\/wp-json\/wp\/v2\/comments?post=2310"}],"version-history":[{"count":0,"href":"http:\/\/www.djoh.net\/inde\/wp-json\/wp\/v2\/posts\/2310\/revisions"}],"wp:featuredmedia":[{"embeddable":true,"href":"http:\/\/www.djoh.net\/inde\/wp-json\/wp\/v2\/media\/1913"}],"wp:attachment":[{"href":"http:\/\/www.djoh.net\/inde\/wp-json\/wp\/v2\/media?parent=2310"}],"wp:term":[{"taxonomy":"category","embeddable":true,"href":"http:\/\/www.djoh.net\/inde\/wp-json\/wp\/v2\/categories?post=2310"},{"taxonomy":"post_tag","embeddable":true,"href":"http:\/\/www.djoh.net\/inde\/wp-json\/wp\/v2\/tags?post=2310"}],"curies":[{"name":"wp","href":"https:\/\/api.w.org\/{rel}","templated":true}]}}